{"id":116,"date":"2013-07-02T14:20:38","date_gmt":"2013-07-02T13:20:38","guid":{"rendered":"http:\/\/www.porcelainesdelafabrique.com\/home\/?p=116"},"modified":"2013-08-20T17:46:10","modified_gmt":"2013-08-20T16:46:10","slug":"150-ans-dhistoire","status":"publish","type":"post","link":"https:\/\/www.porcelainesdelafabrique.com\/home\/150-ans-dhistoire\/","title":{"rendered":"188 ans d&rsquo;histoire et toujours dans le progr\u00e8s"},"content":{"rendered":"<p style=\"text-align: justify;\">Depuis fin 1998, les porcelaines de La Fabrique pr\u00e8s de Limoges, ont entrepris une vaste modernisation de leur outil de production gr\u00e2ce \u00e0 un investissement de 13 millions de francs dans des machines ultra modernes et automatiques ainsi que dans des fours performants afin de mieux r\u00e9pondre aux exigences de sa production. L&rsquo;extension des ateliers sur une surface de 3 000 m2 comprend, outre des cha\u00eenes de fabrication automatis\u00e9es, des fours fonctionnant au gaz naturel et des \u00e9quipements thermiques. L&rsquo;utilisation du gaz naturel pour des raisons de comp\u00e9titivit\u00e9 par rapport \u00e0 l&rsquo;\u00e9lectricit\u00e9, de techniques de chauffes performantes et de propret\u00e9 de la combustion, contribuent aux exigences et \u00e0 la qualit\u00e9 de sa production.<\/p>\n<p><a href=\"https:\/\/www.porcelainesdelafabrique.com\/home\/wp-content\/uploads\/2013\/07\/ARM130328-079-low.jpg\"><img loading=\"lazy\" decoding=\"async\" class=\"size-full wp-image-275 aligncenter\" alt=\"Non Sans Raison - Limoges\" src=\"https:\/\/www.porcelainesdelafabrique.com\/home\/wp-content\/uploads\/2013\/07\/ARM130328-079-low.jpg\" width=\"600\" height=\"400\" srcset=\"https:\/\/www.porcelainesdelafabrique.com\/home\/wp-content\/uploads\/2013\/07\/ARM130328-079-low.jpg 600w, https:\/\/www.porcelainesdelafabrique.com\/home\/wp-content\/uploads\/2013\/07\/ARM130328-079-low-300x200.jpg 300w\" sizes=\"auto, (max-width: 600px) 100vw, 600px\" \/><\/a><\/p>\n<p style=\"text-align: justify;\">Cette r\u00e9novation a ainsi permis \u00e0 la manufacture de prendre un nouveau d\u00e9part tourn\u00e9 vers la modernit\u00e9 et le progr\u00e8s et d&rsquo;\u00eatre \u00e0 la fois plus comp\u00e9titif en terme de productivit\u00e9 et de qualit\u00e9 et, d&rsquo;acqu\u00e9rir une meilleur ma\u00eetrise du pilotage de la cha\u00eene de fabrication.<\/p>\n<p style=\"text-align: justify;\">Les progr\u00e8s accomplis en mati\u00e8re de r\u00e9gulation et l&rsquo;acquisition de nouvelles comp\u00e9tences permettent aux porcelaines de La Fabrique de r\u00e9pondre \u00e0 des demandes de divers secteurs.\u00a0 C&rsquo;est ainsi que le savoir-faire des porcelaines de La Fabrique est reconnu par ses clients, les grandes marques de luxe, qui n\u2019h\u00e9sitent pas \u00e0 lui faire appel pour le d\u00e9veloppement et la fabrication de leur collections de porcelaine.<\/p>\n<p style=\"text-align: justify;\">C&rsquo;est ainsi que depuis 188 ans, d\u00e9cennie apr\u00e8s d\u00e9cennie, la manufacture a su perp\u00e9tuer co\u00fbte que co\u00fbte les diff\u00e9rents savoir-faire et m\u00e9tiers que demandent la fabrication d&rsquo;une porcelaine de Limoges. En produisant une porcelaine blanche haut de gamme et fran\u00e7aise avec la plus grande exigence, elle contribue ainsi au rayonnement des arts du feu \u00e0 travers le monde.<\/p>\n<p><a href=\"https:\/\/www.porcelainesdelafabrique.com\/home\/wp-content\/uploads\/2013\/07\/ARM130328-090-low.jpg\"><img loading=\"lazy\" decoding=\"async\" class=\"size-full wp-image-282 aligncenter\" alt=\"Non Sans Raison - Limoges\" src=\"https:\/\/www.porcelainesdelafabrique.com\/home\/wp-content\/uploads\/2013\/07\/ARM130328-090-low.jpg\" width=\"600\" height=\"400\" srcset=\"https:\/\/www.porcelainesdelafabrique.com\/home\/wp-content\/uploads\/2013\/07\/ARM130328-090-low.jpg 600w, https:\/\/www.porcelainesdelafabrique.com\/home\/wp-content\/uploads\/2013\/07\/ARM130328-090-low-300x200.jpg 300w\" sizes=\"auto, (max-width: 600px) 100vw, 600px\" \/><\/a><\/p>\n","protected":false},"excerpt":{"rendered":"<p>Depuis fin 1998, les porcelaines de La Fabrique pr\u00e8s de Limoges, ont entrepris une vaste modernisation de leur outil de production gr\u00e2ce \u00e0 un investissement de 13 millions de francs dans des machines ultra modernes et automatiques ainsi que dans des fours performants afin de mieux r\u00e9pondre aux exigences de sa production. L&rsquo;extension des ateliers [&hellip;]<\/p>\n","protected":false},"author":1,"featured_media":117,"comment_status":"closed","ping_status":"closed","sticky":false,"template":"","format":"standard","meta":{"footnotes":""},"categories":[7],"tags":[],"class_list":["post-116","post","type-post","status-publish","format-standard","has-post-thumbnail","hentry","category-histoire"],"_links":{"self":[{"href":"https:\/\/www.porcelainesdelafabrique.com\/home\/wp-json\/wp\/v2\/posts\/116","targetHints":{"allow":["GET"]}}],"collection":[{"href":"https:\/\/www.porcelainesdelafabrique.com\/home\/wp-json\/wp\/v2\/posts"}],"about":[{"href":"https:\/\/www.porcelainesdelafabrique.com\/home\/wp-json\/wp\/v2\/types\/post"}],"author":[{"embeddable":true,"href":"https:\/\/www.porcelainesdelafabrique.com\/home\/wp-json\/wp\/v2\/users\/1"}],"replies":[{"embeddable":true,"href":"https:\/\/www.porcelainesdelafabrique.com\/home\/wp-json\/wp\/v2\/comments?post=116"}],"version-history":[{"count":22,"href":"https:\/\/www.porcelainesdelafabrique.com\/home\/wp-json\/wp\/v2\/posts\/116\/revisions"}],"predecessor-version":[{"id":466,"href":"https:\/\/www.porcelainesdelafabrique.com\/home\/wp-json\/wp\/v2\/posts\/116\/revisions\/466"}],"wp:featuredmedia":[{"embeddable":true,"href":"https:\/\/www.porcelainesdelafabrique.com\/home\/wp-json\/wp\/v2\/media\/117"}],"wp:attachment":[{"href":"https:\/\/www.porcelainesdelafabrique.com\/home\/wp-json\/wp\/v2\/media?parent=116"}],"wp:term":[{"taxonomy":"category","embeddable":true,"href":"https:\/\/www.porcelainesdelafabrique.com\/home\/wp-json\/wp\/v2\/categories?post=116"},{"taxonomy":"post_tag","embeddable":true,"href":"https:\/\/www.porcelainesdelafabrique.com\/home\/wp-json\/wp\/v2\/tags?post=116"}],"curies":[{"name":"wp","href":"https:\/\/api.w.org\/{rel}","templated":true}]}}