{"id":239,"date":"2013-08-19T15:33:19","date_gmt":"2013-08-19T14:33:19","guid":{"rendered":"http:\/\/www.porcelainesdelafabrique.com\/home\/?p=239"},"modified":"2013-08-21T14:23:42","modified_gmt":"2013-08-21T13:23:42","slug":"aux-origines-de-la-porcelaine-de-limoges","status":"publish","type":"post","link":"https:\/\/www.porcelainesdelafabrique.com\/home\/aux-origines-de-la-porcelaine-de-limoges\/","title":{"rendered":"Aux origines de la porcelaine de Limoges"},"content":{"rendered":"<p style=\"text-align: center; padding-left: 30px;\"><a href=\"https:\/\/www.porcelainesdelafabrique.com\/home\/wp-content\/uploads\/2013\/08\/image18871.jpg\"><img loading=\"lazy\" decoding=\"async\" class=\"alignnone size-full wp-image-249\" title=\"Manufacture de La Seynie\" alt=\"image18871\" src=\"https:\/\/www.porcelainesdelafabrique.com\/home\/wp-content\/uploads\/2013\/08\/image18871.jpg\" width=\"561\" height=\"400\" srcset=\"https:\/\/www.porcelainesdelafabrique.com\/home\/wp-content\/uploads\/2013\/08\/image18871.jpg 561w, https:\/\/www.porcelainesdelafabrique.com\/home\/wp-content\/uploads\/2013\/08\/image18871-300x213.jpg 300w\" sizes=\"auto, (max-width: 561px) 100vw, 561px\" \/><\/a> <span style=\"color: #999999;\">Manufacture de La Seynie<\/span><\/p>\n<p style=\"text-align: justify;\">Fran\u00e7ois Baignol dit \u00ab Cadet \u00bb est n\u00e9 en 1791 \u00e0 La Seynie \u00e0 Saint-Yiriex-La-Perche en Haute-Vienne o\u00f9 fut d\u00e9couvert en 1764 les premiers gisements de kaolin et fut fond\u00e9 en 1774 la toute premi\u00e8re manufacture de porcelaine avec celle de la manufacture du comte d\u2019Artois, la manufacture de La Seynie, \u00e9difi\u00e9e par Jean-Baptiste Du Garreau De La Seynie, et qui est \u00e0 l\u2019origine de la porcelaine de Limoges dite dure. Elle fut un temps g\u00e9r\u00e9e par son p\u00e8re Etienne Baignol de 1789 \u00e0 1797 qui transmis \u00e0 la manufacture son savoir-faire de tourneur appris \u00e0 la manufacture du comte d\u2019Artois particuli\u00e8rement apr\u00e8s son rachat par la manufacture de S\u00e8vres.<\/p>\n<p><a href=\"https:\/\/www.porcelainesdelafabrique.com\/home\/wp-content\/uploads\/2013\/08\/manufacture-baignol-limoges-france.jpg\"><img loading=\"lazy\" decoding=\"async\" class=\"size-full wp-image-250 aligncenter\" title=\"Manufacture Baignol \" alt=\"manufacture baignol limoges france\" src=\"https:\/\/www.porcelainesdelafabrique.com\/home\/wp-content\/uploads\/2013\/08\/manufacture-baignol-limoges-france.jpg\" width=\"561\" height=\"400\" srcset=\"https:\/\/www.porcelainesdelafabrique.com\/home\/wp-content\/uploads\/2013\/08\/manufacture-baignol-limoges-france.jpg 561w, https:\/\/www.porcelainesdelafabrique.com\/home\/wp-content\/uploads\/2013\/08\/manufacture-baignol-limoges-france-300x213.jpg 300w\" sizes=\"auto, (max-width: 561px) 100vw, 561px\" \/><\/a><\/p>\n<p style=\"text-align: center;\"><span style=\"color: #999999;\">Encrier blanc et or : Flore, Marc-Hilaire Villaris (1719-1792), apothicaire \u00e0 Bordeaux. Manufacture Baignol (C) RMN-Grand Palais (Limoges, Cit\u00e9 de la c\u00e9ramique) \/ Guy Gendraud<\/span><\/p>\n<p style=\"text-align: justify;\">Tr\u00e8s jeune, Francois Baignol fut initi\u00e9 \u00e0 l\u2019art de la porcelaine dans la manufacture paternelle \u00ab\u00a0la fabrique des Augustins\u00a0\u00bb, cr\u00e9e en 1797 et qui fut l\u2019une des principales fabrique de Limoges, o\u00f9 il apprend la technique difficile du tournage et de la d\u00e9coration puis il succ\u00e9dera \u00e0 son p\u00e8re, Etienne Baignol, en 1825 au couvent des Augustins. En 1825, il fonde une seconde manufacture \u00ab\u00a0la fabrique de Saint-Brice\u00a0\u00bb dans la for\u00eat de Brigueil, aux confins de la Haute Vienne et de la Charente, o\u00f9 il peut trouver du bois en abondance et poss\u00e8de un moulin sur la Glane.<\/p>\n<p><a href=\"https:\/\/www.porcelainesdelafabrique.com\/home\/wp-content\/uploads\/2013\/08\/BAIGNOL.jpg\"><img loading=\"lazy\" decoding=\"async\" class=\"size-full wp-image-251 aligncenter\" title=\"Manufacture Baignol \" alt=\"BAIGNOL\" src=\"https:\/\/www.porcelainesdelafabrique.com\/home\/wp-content\/uploads\/2013\/08\/BAIGNOL.jpg\" width=\"590\" height=\"292\" srcset=\"https:\/\/www.porcelainesdelafabrique.com\/home\/wp-content\/uploads\/2013\/08\/BAIGNOL.jpg 590w, https:\/\/www.porcelainesdelafabrique.com\/home\/wp-content\/uploads\/2013\/08\/BAIGNOL-300x148.jpg 300w\" sizes=\"auto, (max-width: 590px) 100vw, 590px\" \/><\/a><\/p>\n<p style=\"text-align: center;\"><span style=\"color: #999999;\">Service au d\u00e9cor de pampres et Pot \u00e0 eau et bassin. Manufacture Baignol (1797-1825) (C) RMN-Grand Palais (Limoges, Cit\u00e9 de la c\u00e9ramique) \/ Jean-Gilles Berizzi<\/span><\/p>\n<p style=\"text-align: justify;\">En 1830, avec ces deux fours et plus de trois cent ouvriers, sa fabrique devient l\u2019une des plus importantes du d\u00e9partement. Malheureusement, la r\u00e9volution de Juillet, provoqua un ralentissement des affaires qui fut fatal \u00e0 bien des entreprises et Baignol, comme d\u2019autres fabricants limousins, fut contraint pour surmonter ses difficult\u00e9s de demander du secours aux autorit\u00e9s. La chambre consultative des Arts et Manufactures charg\u00e9e de r\u00e9partir la subvention allou\u00e9e par l\u2019\u00c9tat, ne lui accordera qu\u2019une somme d\u00e9risoire qui ne lui permet que de r\u00e9gler les dettes les plus criantes contre le nantissement de ses marchandises mises sous scell\u00e9es. Ses affaires se d\u00e9t\u00e9riorent \u00e0 tel point qu\u2019en 1833, il donne sa fabrique \u00e0 ferme \u00e0 un certain Meunier.<\/p>\n<p style=\"text-align: justify;\">En 1834, les effectifs se trouvent r\u00e9duit de moiti\u00e9. En f\u00e9vrier 1835, c\u2019est la catastrophe, Latrille, porte parole des cr\u00e9anciers limousins, fait appel au juge de paix de Saint-Junien pour apposer les scell\u00e9s sur la marchandise entrepos\u00e9e \u00e0 la Fabrique de Saint-Brice. Les ouvriers s\u2019opposent en s\u2019armant \u00e0 cette mise des scell\u00e9s sur ce qui \u00e9tait leur seul gage de leurs salaires. Prudemment, le juge de paix s\u2019est retir\u00e9 et aucun d\u00e9sordre n\u2019a \u00e9t\u00e9 commis. Quelques jours plus tard, tout rendre dans l\u2019ordre. Les ouvriers ont re\u00e7u une avance de quinze jours de travail de Meunier, qui s\u2019est engag\u00e9, en outre, \u00e0 leur payer l\u2019arri\u00e9r\u00e9 d\u00fb par Baignol. Maurice Ardant, pr\u00e9sident du tribunal de commerce, qui a constat\u00e9 que Meunier paye r\u00e9guli\u00e8rement son loyer \u00e0 la masse des cr\u00e9anciers, prends \u00e0 la demande des agents de la faillite, une ordonnance tr\u00e8s mod\u00e9r\u00e9e en accordant un sauf conduit pour Baignol, une autorisation de traiter avec le sieur Meunier, un inventaire sans apposer les scell\u00e9s et aux ouvriers de continuer les travaux de la fabrique dans l\u2019int\u00e9r\u00eat de tous. Malheureusement, le couperet arrive du ministre de l\u2019int\u00e9rieur ordonnant plus de fermet\u00e9 \u00e0 l\u2019administration pour apposer les scell\u00e9s. Malgr\u00e9 les instructions minist\u00e9rielles et une intervention intempestive de Latrille, l\u2019administration locale fait tout son possible pour calmer les esprits et d\u00e9fendre les int\u00e9r\u00eats tant des ouvriers que des cr\u00e9anciers.<\/p>\n<p style=\"text-align: justify;\">Quoi qu\u2019il en soit, les Annales des 4 et 11 d\u00e9cembre 1835 annoncent la vente aux ench\u00e8res de la fabrique des Augustins \u00e0 Limoges et du moulin sur la Glane. Il est vraisemblable cependant, que Fran\u00e7ois Baignol ait pu reprendre la direction de Saint-Brice qu\u2019il maintint en activit\u00e9 tant bien que mal. Ses fils, Camille et \u00c9variste, lui succ\u00e8dent de 1840 \u00e0 1855. En 1844, cette fabrique disposant de deux fours et de 56 tours occupait cent cinquante personnes faisant quatre vingt fourn\u00e9es par an. Particuli\u00e8rement novateurs, les fils de Fran\u00e7ois Baignol r\u00e9alise en 1855 le premier essai de cuisson au gaz, v\u00e9ritable r\u00e9volution dans la profession t\u00e9moignant de l\u2019int\u00e9r\u00eat que les Baignol portaient au progr\u00e8s de la technique. En 1856, ils vendent la fabrique de Saint-Brice aux fr\u00e8res Lamy qui, un an plus tard la c\u00e9deront \u00e0 Jules Parrant.<\/p>\n<p>La suite de l\u2019histoire au chapitre suivant : <a href=\"https:\/\/www.porcelainesdelafabrique.com\/home\/du-xixe-au-xxe-siecle-la-transmission\/\">Du XIXe au XXe si\u00e8cle : la transmission<\/a><\/p>\n","protected":false},"excerpt":{"rendered":"<p>Manufacture de La Seynie Fran\u00e7ois Baignol dit \u00ab Cadet \u00bb est n\u00e9 en 1791 \u00e0 La Seynie \u00e0 Saint-Yiriex-La-Perche en Haute-Vienne o\u00f9 fut d\u00e9couvert en 1764 les premiers gisements de kaolin et fut fond\u00e9 en 1774 la toute premi\u00e8re manufacture de porcelaine avec celle de la manufacture du comte d\u2019Artois, la manufacture de La Seynie, [&hellip;]<\/p>\n","protected":false},"author":1,"featured_media":179,"comment_status":"closed","ping_status":"closed","sticky":false,"template":"","format":"standard","meta":{"footnotes":""},"categories":[7],"tags":[],"class_list":["post-239","post","type-post","status-publish","format-standard","has-post-thumbnail","hentry","category-histoire"],"_links":{"self":[{"href":"https:\/\/www.porcelainesdelafabrique.com\/home\/wp-json\/wp\/v2\/posts\/239","targetHints":{"allow":["GET"]}}],"collection":[{"href":"https:\/\/www.porcelainesdelafabrique.com\/home\/wp-json\/wp\/v2\/posts"}],"about":[{"href":"https:\/\/www.porcelainesdelafabrique.com\/home\/wp-json\/wp\/v2\/types\/post"}],"author":[{"embeddable":true,"href":"https:\/\/www.porcelainesdelafabrique.com\/home\/wp-json\/wp\/v2\/users\/1"}],"replies":[{"embeddable":true,"href":"https:\/\/www.porcelainesdelafabrique.com\/home\/wp-json\/wp\/v2\/comments?post=239"}],"version-history":[{"count":29,"href":"https:\/\/www.porcelainesdelafabrique.com\/home\/wp-json\/wp\/v2\/posts\/239\/revisions"}],"predecessor-version":[{"id":467,"href":"https:\/\/www.porcelainesdelafabrique.com\/home\/wp-json\/wp\/v2\/posts\/239\/revisions\/467"}],"wp:featuredmedia":[{"embeddable":true,"href":"https:\/\/www.porcelainesdelafabrique.com\/home\/wp-json\/wp\/v2\/media\/179"}],"wp:attachment":[{"href":"https:\/\/www.porcelainesdelafabrique.com\/home\/wp-json\/wp\/v2\/media?parent=239"}],"wp:term":[{"taxonomy":"category","embeddable":true,"href":"https:\/\/www.porcelainesdelafabrique.com\/home\/wp-json\/wp\/v2\/categories?post=239"},{"taxonomy":"post_tag","embeddable":true,"href":"https:\/\/www.porcelainesdelafabrique.com\/home\/wp-json\/wp\/v2\/tags?post=239"}],"curies":[{"name":"wp","href":"https:\/\/api.w.org\/{rel}","templated":true}]}}