{"id":296,"date":"2013-08-20T12:14:18","date_gmt":"2013-08-20T11:14:18","guid":{"rendered":"http:\/\/www.porcelainesdelafabrique.com\/home\/?p=296"},"modified":"2013-08-20T14:19:46","modified_gmt":"2013-08-20T13:19:46","slug":"calibrage","status":"publish","type":"post","link":"https:\/\/www.porcelainesdelafabrique.com\/home\/calibrage\/","title":{"rendered":"Calibrage (petites s\u00e9ries : assiettes, soucoupes,&#8230;)"},"content":{"rendered":"<p style=\"text-align: center;\">Le calibrage qui peut \u00eatre \u00ab en bosse \u00bb ou \u00ab en creux \u00bb est r\u00e9serv\u00e9 aux pi\u00e8ces de forme circulaires : assiettes, plats ronds, saladiers, bols,\u2026<\/p>\n<p><a href=\"https:\/\/www.porcelainesdelafabrique.com\/home\/wp-content\/uploads\/2013\/08\/IMG_4799-low.jpg\"><img loading=\"lazy\" decoding=\"async\" class=\"size-full wp-image-356 aligncenter\" alt=\"IMG_4799 low\" src=\"https:\/\/www.porcelainesdelafabrique.com\/home\/wp-content\/uploads\/2013\/08\/IMG_4799-low.jpg\" width=\"600\" height=\"400\" srcset=\"https:\/\/www.porcelainesdelafabrique.com\/home\/wp-content\/uploads\/2013\/08\/IMG_4799-low.jpg 600w, https:\/\/www.porcelainesdelafabrique.com\/home\/wp-content\/uploads\/2013\/08\/IMG_4799-low-300x200.jpg 300w\" sizes=\"auto, (max-width: 600px) 100vw, 600px\" \/><\/a><\/p>\n","protected":false},"excerpt":{"rendered":"<p>Le calibrage qui peut \u00eatre \u00ab en bosse \u00bb ou \u00ab en creux \u00bb est r\u00e9serv\u00e9 aux pi\u00e8ces de forme circulaires : assiettes, plats ronds, saladiers, bols,\u2026 <\/p>\n","protected":false},"author":1,"featured_media":294,"comment_status":"closed","ping_status":"closed","sticky":false,"template":"","format":"standard","meta":{"footnotes":""},"categories":[6,3],"tags":[],"class_list":["post-296","post","type-post","status-publish","format-standard","has-post-thumbnail","hentry","category-blog","category-savoir-faire"],"_links":{"self":[{"href":"https:\/\/www.porcelainesdelafabrique.com\/home\/wp-json\/wp\/v2\/posts\/296","targetHints":{"allow":["GET"]}}],"collection":[{"href":"https:\/\/www.porcelainesdelafabrique.com\/home\/wp-json\/wp\/v2\/posts"}],"about":[{"href":"https:\/\/www.porcelainesdelafabrique.com\/home\/wp-json\/wp\/v2\/types\/post"}],"author":[{"embeddable":true,"href":"https:\/\/www.porcelainesdelafabrique.com\/home\/wp-json\/wp\/v2\/users\/1"}],"replies":[{"embeddable":true,"href":"https:\/\/www.porcelainesdelafabrique.com\/home\/wp-json\/wp\/v2\/comments?post=296"}],"version-history":[{"count":6,"href":"https:\/\/www.porcelainesdelafabrique.com\/home\/wp-json\/wp\/v2\/posts\/296\/revisions"}],"predecessor-version":[{"id":461,"href":"https:\/\/www.porcelainesdelafabrique.com\/home\/wp-json\/wp\/v2\/posts\/296\/revisions\/461"}],"wp:featuredmedia":[{"embeddable":true,"href":"https:\/\/www.porcelainesdelafabrique.com\/home\/wp-json\/wp\/v2\/media\/294"}],"wp:attachment":[{"href":"https:\/\/www.porcelainesdelafabrique.com\/home\/wp-json\/wp\/v2\/media?parent=296"}],"wp:term":[{"taxonomy":"category","embeddable":true,"href":"https:\/\/www.porcelainesdelafabrique.com\/home\/wp-json\/wp\/v2\/categories?post=296"},{"taxonomy":"post_tag","embeddable":true,"href":"https:\/\/www.porcelainesdelafabrique.com\/home\/wp-json\/wp\/v2\/tags?post=296"}],"curies":[{"name":"wp","href":"https:\/\/api.w.org\/{rel}","templated":true}]}}