{"id":469,"date":"2013-08-19T00:29:13","date_gmt":"2013-08-18T23:29:13","guid":{"rendered":"http:\/\/www.porcelainesdelafabrique.com\/home\/?p=469"},"modified":"2015-10-27T14:10:45","modified_gmt":"2015-10-27T13:10:45","slug":"du-xixe-au-xxe-siecle-la-transmission-2","status":"publish","type":"post","link":"https:\/\/www.porcelainesdelafabrique.com\/home\/du-xixe-au-xxe-siecle-la-transmission-2\/","title":{"rendered":"Du XIXe au XXe si\u00e8cle : la transmission"},"content":{"rendered":"<p><strong>Berger &amp; Cie<\/strong><\/p>\n<p style=\"text-align: justify;\">En 1867, l\u2019affaire est reprise par deux gros propri\u00e9taires terriens du lieu, les fr\u00e8res Jules et Charles Berger, qui modernisent la manufacture en conservant les fours \u00e0 bois dont l\u2019exploitation restait plus avantageuse gr\u00e2ce au bois de la for\u00eat de Brigueil et permettait d\u2019avoir une porcelaine bien blanche. La qualit\u00e9 de leur production est \u00e0 cet \u00e9poque incontestable. Louis Berger leur succ\u00e8de en 1885 et prend en 1899 deux associ\u00e9s, MM. Magne et Maury avec lesquels il continuera l\u2019exploitation de cette fabrique dont nous ne connaissons pas l\u2019estampille ; sans doute, comme beaucoup de fabricants du XIX\u00e8me si\u00e8cle, ne marquaient-ils pas leur production.<\/p>\n<p><strong>Michelaud Fr\u00e8res<\/strong><\/p>\n<p style=\"text-align: center;\"><a href=\"https:\/\/www.porcelainesdelafabrique.com\/home\/wp-content\/uploads\/2013\/08\/Michelaud-fr\u00e8res-porcelaine.jpg\"><br \/>\n<\/a><a href=\"https:\/\/www.porcelainesdelafabrique.com\/home\/wp-content\/uploads\/2013\/08\/Michelaud-fr\u00e8res-porcelaine.jpg\"><img loading=\"lazy\" decoding=\"async\" class=\"size-full wp-image-487 aligncenter\" src=\"https:\/\/www.porcelainesdelafabrique.com\/home\/wp-content\/uploads\/2013\/08\/Michelaud-fr\u00e8res-porcelaine.jpg\" alt=\"Michelaud-fr\u00e8res-porcelaine\" width=\"561\" height=\"449\" srcset=\"https:\/\/www.porcelainesdelafabrique.com\/home\/wp-content\/uploads\/2013\/08\/Michelaud-fr\u00e8res-porcelaine.jpg 561w, https:\/\/www.porcelainesdelafabrique.com\/home\/wp-content\/uploads\/2013\/08\/Michelaud-fr\u00e8res-porcelaine-300x240.jpg 300w\" sizes=\"auto, (max-width: 561px) 100vw, 561px\" \/><\/a>Manufacture Michelaud fr\u00e8res (C) RMN-Grand Palais (Limoges, Cit\u00e9 de la c\u00e9ramique) \/ Jean-Gilles Berizzi<\/p>\n<p style=\"text-align: justify;\">En 1917, apr\u00e8s cinquante ans d\u2019exploitation par la m\u00eame famille, l\u2019affaire est vendue aux fr\u00e8res Michelaud. Les Michelaud, qui poss\u00e9daient en outre un atelier de d\u00e9coration \u00e0 Limoges, ont fait de la porcelaine \u00e0 feu et sont sp\u00e9cialis\u00e9s dans les articles de fantaisie et, tout particuli\u00e8rement, dans les bleus de four.<\/p>\n<p style=\"text-align: center;\"><a href=\"https:\/\/www.porcelainesdelafabrique.com\/home\/wp-content\/uploads\/2013\/08\/jamet-porcelaine.jpg\"><img loading=\"lazy\" decoding=\"async\" class=\"size-full wp-image-470 aligncenter\" src=\"https:\/\/www.porcelainesdelafabrique.com\/home\/wp-content\/uploads\/2013\/08\/jamet-porcelaine.jpg\" alt=\"jamet porcelaine\" width=\"560\" height=\"398\" srcset=\"https:\/\/www.porcelainesdelafabrique.com\/home\/wp-content\/uploads\/2013\/08\/jamet-porcelaine.jpg 560w, https:\/\/www.porcelainesdelafabrique.com\/home\/wp-content\/uploads\/2013\/08\/jamet-porcelaine-300x213.jpg 300w\" sizes=\"auto, (max-width: 560px) 100vw, 560px\" \/><\/a>Manufacture Jammet-Seignolles (C) RMN-Grand Palais (Limoges, Cit\u00e9 de la c\u00e9ramique) \/ Ren\u00e9-Gabriel<\/p>\n<p style=\"text-align: justify;\">Le 1er mai 1962, Lucien Michelaud c\u00e8de la fabrique de Saint-Brice \u00e0 Georges Jammet et Henri Seignolles. Tous deux d\u00e9corateurs, ils sont associ\u00e9s depuis 1950 dans les locaux de l\u2019ancienne maison Touze, Lema\u00eetre et Blancher. La fabrique de Saint-Brice est destin\u00e9e \u00e0 approvisionner en blanc leur atelier de d\u00e9coration de Limoges. Mais une r\u00e9novation est n\u00e9cessaire. Les b\u00e2timents sont remis en \u00e9tat ou reconstruits ; les vieux fours \u00e0 bois ou \u00e0 charbon sont remplac\u00e9s par quatre fours cellules fonctionnant au gaz de Lacq ; un mat\u00e9riel de fabrication mieux adapt\u00e9 est \u00e9galement install\u00e9.<\/p>\n<p>En 1996, la manufacture est reprise par plusieurs actionnaires dont le groupe Ercuis, qui en est majoritaire. L\u2019entreprise devient alors Les porcelaines de La Fabrique.<\/p>\n<p>La suite de l\u2019histoire au chapitre suivant :\u00a0 <a href=\"https:\/\/www.porcelainesdelafabrique.com\/home\/150-ans-dhistoire\/\">188 ans d\u2019histoire et toujours dans le progr\u00e8s.<\/a><\/p>\n","protected":false},"excerpt":{"rendered":"<p>Berger &amp; Cie En 1867, l\u2019affaire est reprise par deux gros propri\u00e9taires terriens du lieu, les fr\u00e8res Jules et Charles Berger, qui modernisent la manufacture en conservant les fours \u00e0 bois dont l\u2019exploitation restait plus avantageuse gr\u00e2ce au bois de la for\u00eat de Brigueil et permettait d\u2019avoir une porcelaine bien blanche. La qualit\u00e9 de leur [&hellip;]<\/p>\n","protected":false},"author":1,"featured_media":213,"comment_status":"closed","ping_status":"closed","sticky":false,"template":"","format":"standard","meta":{"footnotes":""},"categories":[7],"tags":[],"class_list":["post-469","post","type-post","status-publish","format-standard","has-post-thumbnail","hentry","category-histoire"],"_links":{"self":[{"href":"https:\/\/www.porcelainesdelafabrique.com\/home\/wp-json\/wp\/v2\/posts\/469","targetHints":{"allow":["GET"]}}],"collection":[{"href":"https:\/\/www.porcelainesdelafabrique.com\/home\/wp-json\/wp\/v2\/posts"}],"about":[{"href":"https:\/\/www.porcelainesdelafabrique.com\/home\/wp-json\/wp\/v2\/types\/post"}],"author":[{"embeddable":true,"href":"https:\/\/www.porcelainesdelafabrique.com\/home\/wp-json\/wp\/v2\/users\/1"}],"replies":[{"embeddable":true,"href":"https:\/\/www.porcelainesdelafabrique.com\/home\/wp-json\/wp\/v2\/comments?post=469"}],"version-history":[{"count":3,"href":"https:\/\/www.porcelainesdelafabrique.com\/home\/wp-json\/wp\/v2\/posts\/469\/revisions"}],"predecessor-version":[{"id":488,"href":"https:\/\/www.porcelainesdelafabrique.com\/home\/wp-json\/wp\/v2\/posts\/469\/revisions\/488"}],"wp:featuredmedia":[{"embeddable":true,"href":"https:\/\/www.porcelainesdelafabrique.com\/home\/wp-json\/wp\/v2\/media\/213"}],"wp:attachment":[{"href":"https:\/\/www.porcelainesdelafabrique.com\/home\/wp-json\/wp\/v2\/media?parent=469"}],"wp:term":[{"taxonomy":"category","embeddable":true,"href":"https:\/\/www.porcelainesdelafabrique.com\/home\/wp-json\/wp\/v2\/categories?post=469"},{"taxonomy":"post_tag","embeddable":true,"href":"https:\/\/www.porcelainesdelafabrique.com\/home\/wp-json\/wp\/v2\/tags?post=469"}],"curies":[{"name":"wp","href":"https:\/\/api.w.org\/{rel}","templated":true}]}}