{"id":506,"date":"2023-11-22T09:00:58","date_gmt":"2023-11-22T08:00:58","guid":{"rendered":"https:\/\/www.porcelainesdelafabrique.com\/home\/?p=506"},"modified":"2023-12-19T16:33:59","modified_gmt":"2023-12-19T15:33:59","slug":"porcelaines-de-la-fabrique-en-route-vers-le-futur","status":"publish","type":"post","link":"https:\/\/www.porcelainesdelafabrique.com\/home\/porcelaines-de-la-fabrique-en-route-vers-le-futur\/","title":{"rendered":"Porcelaines de la Fabrique en route vers le futur !"},"content":{"rendered":"\n<p><\/p>\n\n\n\n<figure class=\"wp-block-image size-full\"><a href=\"https:\/\/www.porcelainesdelafabrique.com\/home\/wp-content\/uploads\/2023\/12\/plf-europe.png\"><img loading=\"lazy\" decoding=\"async\" width=\"960\" height=\"350\" src=\"https:\/\/www.porcelainesdelafabrique.com\/home\/wp-content\/uploads\/2023\/12\/plf-europe.png\" alt=\"\" class=\"wp-image-517\" srcset=\"https:\/\/www.porcelainesdelafabrique.com\/home\/wp-content\/uploads\/2023\/12\/plf-europe.png 960w, https:\/\/www.porcelainesdelafabrique.com\/home\/wp-content\/uploads\/2023\/12\/plf-europe-300x109.png 300w, https:\/\/www.porcelainesdelafabrique.com\/home\/wp-content\/uploads\/2023\/12\/plf-europe-768x280.png 768w\" sizes=\"auto, (max-width: 960px) 100vw, 960px\" \/><\/a><\/figure>\n\n\n\n<p><\/p>\n\n\n\n<p>Gr\u00e2ce \u00e0 l\u2019appui financier de l\u2019Union Europ\u00e9enne et de la R\u00e9gion Nouvelle Aquitaine, notre manufacture s\u2019inscrit dans le futur pour relever les d\u00e9fis \u00e9nerg\u00e9tiques, technologiques et humains bien s\u00fbr !<\/p>\n\n\n\n<p>Avec l\u2019acquisition de cette nouvelle unit\u00e9 de pressage isostatique, nous r\u00e9pondons \u00e0 plusieurs objectifs, en assumant pleinement nos 2 cr\u00e9dos \u00ab Tradition ET Modernit\u00e9 \u00bb :<\/p>\n\n\n\n<p>Satisfaire nos clients en restant intransigeant sur la qualit\u00e9 (n\u2019est pas Limoges qui veut <img loading=\"lazy\" decoding=\"async\" height=\"16\" width=\"16\" alt=\"&#x1f609;\" src=\"https:\/\/static.xx.fbcdn.net\/images\/emoji.php\/v9\/tf6\/2\/16\/1f609.png\">),<\/p>\n\n\n\n<p>Am\u00e9liorer les conditions de travail de nos artisans gr\u00e2ce \u00e0 des postes ergonomiques,<\/p>\n\n\n\n<p>R\u00e9duire nos d\u00e9penses \u00e9nerg\u00e9tiques (eau, \u00e9lectricit\u00e9, mati\u00e8re premi\u00e8re\u2026) en produisant \u00ab Responsable \u00bb.<\/p>\n\n\n\n<p>On peut faire partie des <a href=\"https:\/\/www.facebook.com\/epvna?__cft__[0]=AZUTCECskBDtWLTRXf9EiTYIkHZfT3WGup3sRAc59irdXkoRbL_vyzPI_FQFofd4hrBjgTkhl9sHylarHl4_pxNoCXk96X-0BrLfiJIcgmXnw-iYNgoAoihRDYxi-tzJqc20PPHmtfH_nd4utYAzniYty3s3B4ChwfLuaZaPOeAvZVGu3aPTG95AMvma7N_7yZheeshnAKj6Xt_71xcc7WYGXUy60twICFVpMw5nrAt3xQ&amp;__tn__=-]K-y-R\">Entreprises du patrimoine vivant Nouvelle-Aquitaine<\/a> et \u00eatre \u00e0 la pointe de la technologie <img loading=\"lazy\" decoding=\"async\" height=\"16\" width=\"16\" alt=\"&#x1f600;\" src=\"https:\/\/static.xx.fbcdn.net\/images\/emoji.php\/v9\/t6d\/2\/16\/1f600.png\">.<\/p>\n\n\n\n<p>Merci et bravo \u00e0 tous nos partenaires <img loading=\"lazy\" decoding=\"async\" height=\"16\" width=\"16\" alt=\"&#x1f44f;\" src=\"https:\/\/static.xx.fbcdn.net\/images\/emoji.php\/v9\/t9d\/2\/16\/1f44f.png\"><img loading=\"lazy\" decoding=\"async\" height=\"16\" width=\"16\" alt=\"&#x1f44f;\" src=\"https:\/\/static.xx.fbcdn.net\/images\/emoji.php\/v9\/t9d\/2\/16\/1f44f.png\"><img loading=\"lazy\" decoding=\"async\" height=\"16\" width=\"16\" alt=\"&#x1f44f;\" src=\"https:\/\/static.xx.fbcdn.net\/images\/emoji.php\/v9\/t9d\/2\/16\/1f44f.png\"><\/p>\n\n\n\n<p><a href=\"https:\/\/www.europe-en-nouvelle-aquitaine.eu\/fr\">Europe en Nouvelle-Aquitaine<\/a><a href=\"https:\/\/www.facebook.com\/nouvelleaquitaine?__cft__[0]=AZUTCECskBDtWLTRXf9EiTYIkHZfT3WGup3sRAc59irdXkoRbL_vyzPI_FQFofd4hrBjgTkhl9sHylarHl4_pxNoCXk96X-0BrLfiJIcgmXnw-iYNgoAoihRDYxi-tzJqc20PPHmtfH_nd4utYAzniYty3s3B4ChwfLuaZaPOeAvZVGu3aPTG95AMvma7N_7yZheeshnAKj6Xt_71xcc7WYGXUy60twICFVpMw5nrAt3xQ&amp;__tn__=-]K-y-R\"> <\/a><a href=\"https:\/\/www.facebook.com\/nouvelleaquitaine?__cft__[0]=AZUTCECskBDtWLTRXf9EiTYIkHZfT3WGup3sRAc59irdXkoRbL_vyzPI_FQFofd4hrBjgTkhl9sHylarHl4_pxNoCXk96X-0BrLfiJIcgmXnw-iYNgoAoihRDYxi-tzJqc20PPHmtfH_nd4utYAzniYty3s3B4ChwfLuaZaPOeAvZVGu3aPTG95AMvma7N_7yZheeshnAKj6Xt_71xcc7WYGXUy60twICFVpMw5nrAt3xQ&amp;__tn__=-]K-y-R\"> R\u00e9gion Nouvelle-Aquitaine<\/a><\/p>\n","protected":false},"excerpt":{"rendered":"<p>Gr\u00e2ce \u00e0 l\u2019appui financier de l\u2019Union Europ\u00e9enne et de la R\u00e9gion Nouvelle Aquitaine, notre manufacture s\u2019inscrit dans le futur pour relever les d\u00e9fis \u00e9nerg\u00e9tiques, technologiques et humains bien s\u00fbr ! Avec l\u2019acquisition de cette nouvelle unit\u00e9 de pressage isostatique, nous r\u00e9pondons \u00e0 plusieurs objectifs, en assumant pleinement nos 2 cr\u00e9dos \u00ab Tradition ET Modernit\u00e9 \u00bb [&hellip;]<\/p>\n","protected":false},"author":1,"featured_media":517,"comment_status":"closed","ping_status":"closed","sticky":true,"template":"","format":"standard","meta":{"footnotes":""},"categories":[5,4],"tags":[],"class_list":["post-506","post","type-post","status-publish","format-standard","has-post-thumbnail","hentry","category-home","category-slider"],"_links":{"self":[{"href":"https:\/\/www.porcelainesdelafabrique.com\/home\/wp-json\/wp\/v2\/posts\/506","targetHints":{"allow":["GET"]}}],"collection":[{"href":"https:\/\/www.porcelainesdelafabrique.com\/home\/wp-json\/wp\/v2\/posts"}],"about":[{"href":"https:\/\/www.porcelainesdelafabrique.com\/home\/wp-json\/wp\/v2\/types\/post"}],"author":[{"embeddable":true,"href":"https:\/\/www.porcelainesdelafabrique.com\/home\/wp-json\/wp\/v2\/users\/1"}],"replies":[{"embeddable":true,"href":"https:\/\/www.porcelainesdelafabrique.com\/home\/wp-json\/wp\/v2\/comments?post=506"}],"version-history":[{"count":6,"href":"https:\/\/www.porcelainesdelafabrique.com\/home\/wp-json\/wp\/v2\/posts\/506\/revisions"}],"predecessor-version":[{"id":519,"href":"https:\/\/www.porcelainesdelafabrique.com\/home\/wp-json\/wp\/v2\/posts\/506\/revisions\/519"}],"wp:featuredmedia":[{"embeddable":true,"href":"https:\/\/www.porcelainesdelafabrique.com\/home\/wp-json\/wp\/v2\/media\/517"}],"wp:attachment":[{"href":"https:\/\/www.porcelainesdelafabrique.com\/home\/wp-json\/wp\/v2\/media?parent=506"}],"wp:term":[{"taxonomy":"category","embeddable":true,"href":"https:\/\/www.porcelainesdelafabrique.com\/home\/wp-json\/wp\/v2\/categories?post=506"},{"taxonomy":"post_tag","embeddable":true,"href":"https:\/\/www.porcelainesdelafabrique.com\/home\/wp-json\/wp\/v2\/tags?post=506"}],"curies":[{"name":"wp","href":"https:\/\/api.w.org\/{rel}","templated":true}]}}